{"id":1,"date":"2023-03-27T20:10:20","date_gmt":"2023-03-27T18:10:20","guid":{"rendered":"http:\/\/assoespoirs.org\/?p=1"},"modified":"2023-04-10T18:45:19","modified_gmt":"2023-04-10T16:45:19","slug":"container11","status":"publish","type":"post","link":"https:\/\/assoespoirs.org\/?p=1","title":{"rendered":"Chargement r\u00e9ussi : d\u00e9couvrez le contenu du 11\u00e8me container envoy\u00e9 par notre association"},"content":{"rendered":"<div class=\"wp-block-image\">\n<figure class=\"aligncenter is-resized\"><img decoding=\"async\" loading=\"lazy\" src=\"http:\/\/assoespoirs.org\/wp-content\/uploads\/2023\/02\/IMG_6532-scaled.jpg\" alt=\"container11\" class=\"wp-image-1054\" width=\"309\" height=\"463\" srcset=\"https:\/\/assoespoirs.org\/wp-content\/uploads\/2023\/02\/IMG_6532-scaled.jpg 1707w, https:\/\/assoespoirs.org\/wp-content\/uploads\/2023\/02\/IMG_6532-200x300.jpg 200w, https:\/\/assoespoirs.org\/wp-content\/uploads\/2023\/02\/IMG_6532-683x1024.jpg 683w, https:\/\/assoespoirs.org\/wp-content\/uploads\/2023\/02\/IMG_6532-768x1152.jpg 768w, https:\/\/assoespoirs.org\/wp-content\/uploads\/2023\/02\/IMG_6532-1024x1536.jpg 1024w, https:\/\/assoespoirs.org\/wp-content\/uploads\/2023\/02\/IMG_6532-1365x2048.jpg 1365w\" sizes=\"(max-width: 309px) 100vw, 309px\" \/><\/figure><\/div>\n\n\n<h2 class=\"wp-block-heading has-large-font-size\">Introduction : Un container exp\u00e9di\u00e9 malgr\u00e9 les d\u00e9fis li\u00e9s au contexte social<\/h2>\n\n\n\n<p>Notre 11\u00e8me container a finalement quitt\u00e9 Cormes le 27 mars 2023, apportant un grand soulagement suite aux incertitudes li\u00e9es au contexte social actuel. Nous sommes heureux d&rsquo;annoncer que sa date d&rsquo;arriv\u00e9e \u00e0 Dakar est pr\u00e9vue pour le 15 avril.<\/p>\n\n\n\n<h2 class=\"wp-block-heading has-large-font-size\">Un nouveau processus d&rsquo;exp\u00e9dition pour plus d&rsquo;efficacit\u00e9<\/h2>\n\n\n<div class=\"wp-block-image\">\n<figure class=\"aligncenter is-resized\"><img decoding=\"async\" loading=\"lazy\" src=\"http:\/\/assoespoirs.org\/wp-content\/uploads\/2023\/02\/IMG_6495-scaled.jpg\" alt=\"\" class=\"wp-image-1058\" width=\"492\" height=\"328\" srcset=\"https:\/\/assoespoirs.org\/wp-content\/uploads\/2023\/02\/IMG_6495-scaled.jpg 2560w, https:\/\/assoespoirs.org\/wp-content\/uploads\/2023\/02\/IMG_6495-300x200.jpg 300w, https:\/\/assoespoirs.org\/wp-content\/uploads\/2023\/02\/IMG_6495-1024x683.jpg 1024w, https:\/\/assoespoirs.org\/wp-content\/uploads\/2023\/02\/IMG_6495-768x512.jpg 768w, https:\/\/assoespoirs.org\/wp-content\/uploads\/2023\/02\/IMG_6495-1536x1024.jpg 1536w, https:\/\/assoespoirs.org\/wp-content\/uploads\/2023\/02\/IMG_6495-2048x1365.jpg 2048w, https:\/\/assoespoirs.org\/wp-content\/uploads\/2023\/02\/IMG_6495-200x133.jpg 200w\" sizes=\"(max-width: 492px) 100vw, 492px\" \/><\/figure><\/div>\n\n\n<p>La semaine pr\u00e9c\u00e9dente, nous avons exp\u00e9riment\u00e9 un nouveau processus d&rsquo;exp\u00e9dition pour ce container. Nous avons \u00e9tal\u00e9 toutes les op\u00e9rations de pr\u00e9paration, incluant la centralisation, le tri, l&#8217;emballage et la num\u00e9rotation, sur une p\u00e9riode de cinq jours (du lundi au vendredi), contrairement aux deux jours seulement requis dans l&rsquo;ancien processus. De plus, nous avons pu charger le container le samedi sans aucune restriction de temps, contrairement \u00e0 la limitation pr\u00e9c\u00e9dente de trois heures gratuites et 50 euros suppl\u00e9mentaires par heure entam\u00e9e de d\u00e9passement.<\/p>\n\n\n\n<p>Bien que cette nouvelle solution ait \u00e9t\u00e9 plus co\u00fbteuse, elle nous a permis de b\u00e9n\u00e9ficier d&rsquo;une main d&rsquo;oeuvre plus jeune le samedi ou le soir apr\u00e8s le travail, d&rsquo;optimiser l&rsquo;organisation de la pr\u00e9paration et de charger le container sans pr\u00e9cipitation ni stress. Le chargement s&rsquo;est donc d\u00e9roul\u00e9 sans pause \u00e0 un rythme assez soutenu, durant huit heures.<\/p>\n\n\n\n<h2 class=\"wp-block-heading has-large-font-size\">Des d\u00e9tails sur le chargement du container : nombre d&rsquo;\u00e9l\u00e9ments, poids et volume<\/h2>\n\n\n\n<p>Au total, nous avons int\u00e9gr\u00e9 1198 \u00e9l\u00e9ments num\u00e9rot\u00e9s repr\u00e9sentant pr\u00e8s de 73 m\u00e8tres cubes et pesant plus de 10 tonnes dans ce container. <\/p>\n\n\n\n<h3 class=\"wp-block-heading has-large-font-size\">Les principaux articles transport\u00e9s : \u00e9quipements m\u00e9dicaux, mobilier, fournitures scolaires, etc.<\/h3>\n\n\n\n<p>Parmi ces \u00e9l\u00e9ments, on retrouve 14 lits m\u00e9dicalis\u00e9s pour le grand h\u00f4pital de Touba, 12 lits d&rsquo;une personne type h\u00f4tel pour l&rsquo;agrandissement de la partie maternit\u00e9 du centre de sant\u00e9 du village de Baba Garage, environ 25 fauteuils roulants, une vingtaine de d\u00e9ambulateurs, des jeux de cannes et de b\u00e9quilles, une dizaine de meubles (armoires, meubles biblioth\u00e8que), des tables et chaises pour environ 250 enfants, une quinzaine de ballons de foot et de volley, des jeux de maillots, un lot important de v\u00eatements pour une association de Louga qui redistribue gratuitement, entre 500 et 1000 livres ainsi qu&rsquo;un lot important de fournitures scolaires.<\/p>\n\n\n\n<h2 class=\"wp-block-heading has-large-font-size\">Les 16 destinataires des mat\u00e9riels envoy\u00e9s dans le container<\/h2>\n\n\n\n<p>Ces mat\u00e9riels sont destin\u00e9s \u00e0 16 b\u00e9n\u00e9ficiaires diff\u00e9rents, dont 3 en sant\u00e9 (Centre de Sant\u00e9 de Baba Garage, H\u00f4pital de Touba, Pouponni\u00e8re de Touba), 11 en \u00e9ducation (5 \u00e9coles maternelles : Les Petits Anges Verts de Guediawaye, Sileye Guiss\u00e9, Kayar, Sebikotane, Dagana, 4 \u00e9coles primaires : El Hadji Iba Sene de Pikine, Ndiagne 1, Diourbel et Baba Garage, 1 groupe scolaire : GPCAAM de Touba, 1 coll\u00e8ge : Baba Garage), 1 en \u00ab\u00a0divers\u00a0\u00bb (v\u00eatements pour Louga) et nous assurons comme chaque fois le transport de quelques cartons pour l&rsquo;association Les Enfants de Waloo Dekendo pour le village de Toubab Dialaw.<\/p>\n\n\n\n<h2 class=\"wp-block-heading has-large-font-size\">Un soulagement et une reconnaissance envers tous ceux qui ont contribu\u00e9 au projet<\/h2>\n\n\n\n<p><\/p>\n\n\n\n<figure class=\"wp-block-image\"><img decoding=\"async\" loading=\"lazy\" width=\"1024\" height=\"683\" src=\"http:\/\/assoespoirs.org\/wp-content\/uploads\/2023\/02\/IMG_1494-Copie.jpg\" alt=\"preparation container 11\" class=\"wp-image-1064\" srcset=\"https:\/\/assoespoirs.org\/wp-content\/uploads\/2023\/02\/IMG_1494-Copie.jpg 1024w, https:\/\/assoespoirs.org\/wp-content\/uploads\/2023\/02\/IMG_1494-Copie-300x200.jpg 300w, https:\/\/assoespoirs.org\/wp-content\/uploads\/2023\/02\/IMG_1494-Copie-768x512.jpg 768w, https:\/\/assoespoirs.org\/wp-content\/uploads\/2023\/02\/IMG_1494-Copie-200x133.jpg 200w\" sizes=\"(max-width: 1024px) 100vw, 1024px\" \/><\/figure>\n\n\n\n<p>Nous tenons \u00e0 remercier chaleureusement les 34 personnes diff\u00e9rentes, dont 6 b\u00e9n\u00e9voles non membres ESPOIRS, qui ont contribu\u00e9.<\/p>\n","protected":false},"excerpt":{"rendered":"<p>D\u00e9couvrez comment notre 11\u00e8me container charg\u00e9 d&rsquo;aide humanitaire a \u00e9t\u00e9 exp\u00e9di\u00e9 vers le S\u00e9n\u00e9gal gr\u00e2ce \u00e0 un nouveau processus de chargement plus efficace. Plusieurs \u00e9coles et centres de sant\u00e9 ont re\u00e7u des \u00e9quipements et des fournitures scolaires gr\u00e2ce \u00e0 ce chargement.<\/p>\n","protected":false},"author":1,"featured_media":1069,"comment_status":"open","ping_status":"open","sticky":false,"template":"","format":"standard","meta":{"_kadence_starter_templates_imported_post":false,"_kad_post_transparent":"","_kad_post_title":"","_kad_post_layout":"","_kad_post_sidebar_id":"","_kad_post_content_style":"","_kad_post_vertical_padding":"","_kad_post_feature":"","_kad_post_feature_position":"","_kad_post_header":false,"_kad_post_footer":false},"categories":[10],"tags":[],"_links":{"self":[{"href":"https:\/\/assoespoirs.org\/index.php?rest_route=\/wp\/v2\/posts\/1"}],"collection":[{"href":"https:\/\/assoespoirs.org\/index.php?rest_route=\/wp\/v2\/posts"}],"about":[{"href":"https:\/\/assoespoirs.org\/index.php?rest_route=\/wp\/v2\/types\/post"}],"author":[{"embeddable":true,"href":"https:\/\/assoespoirs.org\/index.php?rest_route=\/wp\/v2\/users\/1"}],"replies":[{"embeddable":true,"href":"https:\/\/assoespoirs.org\/index.php?rest_route=%2Fwp%2Fv2%2Fcomments&post=1"}],"version-history":[{"count":4,"href":"https:\/\/assoespoirs.org\/index.php?rest_route=\/wp\/v2\/posts\/1\/revisions"}],"predecessor-version":[{"id":1117,"href":"https:\/\/assoespoirs.org\/index.php?rest_route=\/wp\/v2\/posts\/1\/revisions\/1117"}],"wp:featuredmedia":[{"embeddable":true,"href":"https:\/\/assoespoirs.org\/index.php?rest_route=\/wp\/v2\/media\/1069"}],"wp:attachment":[{"href":"https:\/\/assoespoirs.org\/index.php?rest_route=%2Fwp%2Fv2%2Fmedia&parent=1"}],"wp:term":[{"taxonomy":"category","embeddable":true,"href":"https:\/\/assoespoirs.org\/index.php?rest_route=%2Fwp%2Fv2%2Fcategories&post=1"},{"taxonomy":"post_tag","embeddable":true,"href":"https:\/\/assoespoirs.org\/index.php?rest_route=%2Fwp%2Fv2%2Ftags&post=1"}],"curies":[{"name":"wp","href":"https:\/\/api.w.org\/{rel}","templated":true}]}}