{"id":1190,"date":"2023-09-19T21:55:00","date_gmt":"2023-09-19T19:55:00","guid":{"rendered":"https:\/\/assoespoirs.org\/?p=1190"},"modified":"2023-10-08T14:13:10","modified_gmt":"2023-10-08T12:13:10","slug":"randonnee-espoirs-2023-un-retour-triomphal","status":"publish","type":"post","link":"https:\/\/assoespoirs.org\/?p=1190","title":{"rendered":"Randonn\u00e9e ESPOIRS 2023 : Un Retour Triomphal"},"content":{"rendered":"\n<p>Apr\u00e8s trois ans de restriction d&rsquo;acc\u00e8s aux membres et \u00e0 quelques invit\u00e9s, l&rsquo;association ESPOIRS est de retour en force avec un \u00e9v\u00e9nement marquant : la Randonn\u00e9e ESPOIRS 2023. Cette randonn\u00e9e a \u00e9t\u00e9 l&rsquo;occasion d&rsquo;apporter de nouvelles initiatives et de r\u00e9colter des fonds essentiels pour soutenir les missions humanitaires de l&rsquo;association. Dans cet article, nous reviendrons sur cette journ\u00e9e m\u00e9morable et les changements notables qui ont marqu\u00e9 son \u00e9dition 2023.<\/p>\n\n\n<div class=\"wp-block-image\">\n<figure class=\"aligncenter size-full is-resized\"><img decoding=\"async\" loading=\"lazy\" src=\"https:\/\/assoespoirs.org\/wp-content\/uploads\/2023\/10\/71657604011-1.jpg\" alt=\"\" class=\"wp-image-1195\" width=\"447\" height=\"596\" srcset=\"https:\/\/assoespoirs.org\/wp-content\/uploads\/2023\/10\/71657604011-1.jpg 600w, https:\/\/assoespoirs.org\/wp-content\/uploads\/2023\/10\/71657604011-1-225x300.jpg 225w, https:\/\/assoespoirs.org\/wp-content\/uploads\/2023\/10\/71657604011-1-200x267.jpg 200w\" sizes=\"(max-width: 447px) 100vw, 447px\" \/><\/figure><\/div>\n\n\n<h2 class=\"wp-block-heading\"><strong>Des Organisateurs D\u00e9termin\u00e9s<\/strong><\/h2>\n\n\n\n<p>Cette ann\u00e9e, ce sont les jeunes membres dynamiques d&rsquo;ESPOIRS, Alexandre, Francky, et Karine, qui ont pris les r\u00eanes de l&rsquo;organisation de la randonn\u00e9e. Leur engagement a \u00e9t\u00e9 un v\u00e9ritable moteur pour le succ\u00e8s de l&rsquo;\u00e9v\u00e9nement. Ils ont introduit des changements significatifs pour attirer un public plus large, notamment en ouvrant la randonn\u00e9e aux coureurs et en proposant des d\u00e9parts libres entre 8h et 10h30.<\/p>\n\n\n\n<figure class=\"wp-block-image size-large\"><img decoding=\"async\" loading=\"lazy\" width=\"768\" height=\"1024\" src=\"https:\/\/assoespoirs.org\/wp-content\/uploads\/2023\/10\/IMG-20230916-WA0004-1-768x1024.jpg\" alt=\"\" class=\"wp-image-1196\" srcset=\"https:\/\/assoespoirs.org\/wp-content\/uploads\/2023\/10\/IMG-20230916-WA0004-1-768x1024.jpg 768w, https:\/\/assoespoirs.org\/wp-content\/uploads\/2023\/10\/IMG-20230916-WA0004-1-225x300.jpg 225w, https:\/\/assoespoirs.org\/wp-content\/uploads\/2023\/10\/IMG-20230916-WA0004-1-1152x1536.jpg 1152w, https:\/\/assoespoirs.org\/wp-content\/uploads\/2023\/10\/IMG-20230916-WA0004-1-200x267.jpg 200w, https:\/\/assoespoirs.org\/wp-content\/uploads\/2023\/10\/IMG-20230916-WA0004-1.jpg 1200w\" sizes=\"(max-width: 768px) 100vw, 768px\" \/><\/figure>\n\n\n\n<h2 class=\"wp-block-heading\"><strong>Des R\u00e9sultats Impressionnants<\/strong><\/h2>\n\n\n\n<p>Ce dimanche 15 septembre, le succ\u00e8s \u00e9tait au rendez-vous avec pr\u00e8s de 69 participants, dont une majorit\u00e9 de coureurs venus des clubs locaux. Nous tenons \u00e0 remercier tout particuli\u00e8rement les clubs du VSF de la Fert\u00e9 Bernard et <a href=\"https:\/\/www.endurance72.fr\/\" data-type=\"URL\" data-id=\"https:\/\/www.endurance72.fr\/\">Endurance 72<\/a> du Mans. Cette \u00e9dition a g\u00e9n\u00e9r\u00e9 plus de 400 euros de b\u00e9n\u00e9fices, principalement gr\u00e2ce aux inscriptions et aux dons g\u00e9n\u00e9reux. <\/p>\n\n\n\n<h2 class=\"wp-block-heading\"><strong>L&rsquo;Engagement d&rsquo;ESPOIRS<\/strong><\/h2>\n\n\n\n<p>Cette randonn\u00e9e a marqu\u00e9 la premi\u00e8re manifestation significative organis\u00e9e par ESPOIRS depuis 2019. L&rsquo;association a besoin de fonds importants pour continuer ses missions humanitaires, notamment l&rsquo;exp\u00e9dition de mat\u00e9riel et la mise en place de nouveaux projets. Cet \u00e9v\u00e9nement a rappel\u00e9 l&rsquo;importance de l&rsquo;engagement de tous pour rechercher de nouvelles id\u00e9es et opportunit\u00e9s afin de soutenir financi\u00e8rement l&rsquo;association.<\/p>\n\n\n<style>.kadence-column1190_d71ce1-2d > .kt-inside-inner-col,.kadence-column1190_d71ce1-2d > .kt-inside-inner-col:before{border-top-left-radius:0px;border-top-right-radius:0px;border-bottom-right-radius:0px;border-bottom-left-radius:0px;}.kadence-column1190_d71ce1-2d > .kt-inside-inner-col{column-gap:var(--global-kb-gap-sm, 1rem);}.kadence-column1190_d71ce1-2d > .kt-inside-inner-col{flex-direction:column;}.kadence-column1190_d71ce1-2d > .kt-inside-inner-col > .aligncenter{width:100%;}.kadence-column1190_d71ce1-2d > .kt-inside-inner-col:before{opacity:0.3;}.kadence-column1190_d71ce1-2d{position:relative;}@media all and (max-width: 1024px){.kadence-column1190_d71ce1-2d > .kt-inside-inner-col{flex-direction:column;}}@media all and (max-width: 767px){.kadence-column1190_d71ce1-2d > .kt-inside-inner-col{flex-direction:column;}}<\/style>\n<div class=\"wp-block-kadence-column kadence-column1190_d71ce1-2d\"><div class=\"kt-inside-inner-col\"><\/div><\/div>\n\n\n\n<p>ESPOIRS remercie chaleureusement tous les participants, les organisateurs d\u00e9vou\u00e9s, les donateurs, les membres, et les habitu\u00e9s qui ont contribu\u00e9 \u00e0 faire de cette journ\u00e9e un succ\u00e8s retentissant. L&rsquo;association reste d\u00e9termin\u00e9e \u00e0 poursuivre sa mission pour un monde meilleur, et nous sommes impatients de voir ce que l&rsquo;avenir r\u00e9serve en termes d&rsquo;opportunit\u00e9s pour soutenir cette noble cause. Restez \u00e0 l&rsquo;\u00e9coute pour les prochains \u00e9v\u00e9nements et actions d&rsquo;ESPOIRS.<\/p>\n","protected":false},"excerpt":{"rendered":"<p>D\u00e9couvrez le compte rendu de la Randonn\u00e9e ESPOIRS 2023, une manifestation marquante apr\u00e8s trois ann\u00e9es de restriction aux membres et quelques invit\u00e9s. Lisez comment cette randonn\u00e9e a marqu\u00e9 un retour en force avec de nouvelles initiatives et des r\u00e9sultats impressionnants pour la mission humanitaire d&rsquo;ESPOIRS.<\/p>\n","protected":false},"author":1,"featured_media":1191,"comment_status":"open","ping_status":"open","sticky":false,"template":"","format":"standard","meta":{"_kadence_starter_templates_imported_post":false,"_kad_post_transparent":"","_kad_post_title":"","_kad_post_layout":"","_kad_post_sidebar_id":"","_kad_post_content_style":"","_kad_post_vertical_padding":"","_kad_post_feature":"","_kad_post_feature_position":"","_kad_post_header":false,"_kad_post_footer":false},"categories":[18,19],"tags":[20],"_links":{"self":[{"href":"https:\/\/assoespoirs.org\/index.php?rest_route=\/wp\/v2\/posts\/1190"}],"collection":[{"href":"https:\/\/assoespoirs.org\/index.php?rest_route=\/wp\/v2\/posts"}],"about":[{"href":"https:\/\/assoespoirs.org\/index.php?rest_route=\/wp\/v2\/types\/post"}],"author":[{"embeddable":true,"href":"https:\/\/assoespoirs.org\/index.php?rest_route=\/wp\/v2\/users\/1"}],"replies":[{"embeddable":true,"href":"https:\/\/assoespoirs.org\/index.php?rest_route=%2Fwp%2Fv2%2Fcomments&post=1190"}],"version-history":[{"count":2,"href":"https:\/\/assoespoirs.org\/index.php?rest_route=\/wp\/v2\/posts\/1190\/revisions"}],"predecessor-version":[{"id":1197,"href":"https:\/\/assoespoirs.org\/index.php?rest_route=\/wp\/v2\/posts\/1190\/revisions\/1197"}],"wp:featuredmedia":[{"embeddable":true,"href":"https:\/\/assoespoirs.org\/index.php?rest_route=\/wp\/v2\/media\/1191"}],"wp:attachment":[{"href":"https:\/\/assoespoirs.org\/index.php?rest_route=%2Fwp%2Fv2%2Fmedia&parent=1190"}],"wp:term":[{"taxonomy":"category","embeddable":true,"href":"https:\/\/assoespoirs.org\/index.php?rest_route=%2Fwp%2Fv2%2Fcategories&post=1190"},{"taxonomy":"post_tag","embeddable":true,"href":"https:\/\/assoespoirs.org\/index.php?rest_route=%2Fwp%2Fv2%2Ftags&post=1190"}],"curies":[{"name":"wp","href":"https:\/\/api.w.org\/{rel}","templated":true}]}}