{"id":1198,"date":"2023-09-27T14:45:50","date_gmt":"2023-09-27T12:45:50","guid":{"rendered":"https:\/\/assoespoirs.org\/?p=1198"},"modified":"2023-10-08T14:47:38","modified_gmt":"2023-10-08T12:47:38","slug":"espoirs-a-la-fete-de-la-vie-associative-de-nanterre-un-engagement-solidaire-sous-le-signe-du-benevolat","status":"publish","type":"post","link":"https:\/\/assoespoirs.org\/?p=1198","title":{"rendered":"ESPOIRS \u00e0 la F\u00eate de la Vie Associative de Nanterre : Un Engagement Solidaire sous le Signe du B\u00e9n\u00e9volat"},"content":{"rendered":"\n<p>Tous les deux ans, la ville de <a rel=\"noreferrer noopener\" href=\"https:\/\/www.nanterre.fr\/318-vie-associative.htm\" data-type=\"URL\" data-id=\"https:\/\/www.nanterre.fr\/318-vie-associative.htm\" target=\"_blank\">Nanterre<\/a> c\u00e9l\u00e8bre sa vitalit\u00e9 associative en organisant la F\u00eate de la Vie Associative. Cette manifestation phare rassemble les associations locales qui contribuent au dynamisme et \u00e0 l&rsquo;engagement citoyen dans la r\u00e9gion. L&rsquo;Association Espoirs, reconnue pour son d\u00e9vouement \u00e0 l&rsquo;am\u00e9lioration de la vie des plus d\u00e9munis, a eu l&rsquo;honneur de participer \u00e0 cet \u00e9v\u00e9nement exceptionnel qui s&rsquo;est d\u00e9roul\u00e9 le samedi 23 septembre. D\u00e9couvrez comment notre association a marqu\u00e9 cette journ\u00e9e par son implication et sa d\u00e9termination \u00e0 apporter un changement positif dans notre communaut\u00e9.<\/p>\n\n\n\n<figure class=\"wp-block-image size-full is-resized\"><img decoding=\"async\" loading=\"lazy\" src=\"http:\/\/assoespoirs.org\/wp-content\/uploads\/2023\/10\/32884_113_fetedesassociations_2023.jpg\" alt=\"\" class=\"wp-image-1202\" width=\"714\" height=\"401\" srcset=\"https:\/\/assoespoirs.org\/wp-content\/uploads\/2023\/10\/32884_113_fetedesassociations_2023.jpg 840w, https:\/\/assoespoirs.org\/wp-content\/uploads\/2023\/10\/32884_113_fetedesassociations_2023-300x169.jpg 300w, https:\/\/assoespoirs.org\/wp-content\/uploads\/2023\/10\/32884_113_fetedesassociations_2023-768x432.jpg 768w, https:\/\/assoespoirs.org\/wp-content\/uploads\/2023\/10\/32884_113_fetedesassociations_2023-200x112.jpg 200w\" sizes=\"(max-width: 714px) 100vw, 714px\" \/><figcaption class=\"wp-element-caption\">source : https:\/\/www.nanterre.fr\/1627-la-fete-de-la-vie-associative.htm<\/figcaption><\/figure>\n\n\n\n<p>L&rsquo;Association Espoirs, bas\u00e9e \u00e0 Nanterre, joue un r\u00f4le dans la vie associative de la ville depuis de nombreuses ann\u00e9es. Notre mission est de soutenir divers projets solidaires au S\u00e9n\u00e9gal, allant de l&rsquo;\u00e9ducation \u00e0 la sant\u00e9 en passant par la formation et l&rsquo;insertion professionnelle . Notre participation \u00e0 la F\u00eate de la Vie Associative est une opportunit\u00e9 pr\u00e9cieuse pour pr\u00e9senter notre engagement continu.<\/p>\n\n\n\n<p>Lors de cet \u00e9v\u00e9nement, notre stand Espoirs \u00e9tait anim\u00e9 par nos membres d\u00e9vou\u00e9s, pr\u00eats \u00e0 partager notre histoire, nos r\u00e9alisations et nos projets futurs. Les visiteurs ont pu en apprendre davantage sur nos actions, nos partenariats, et comment ils pouvaient contribuer \u00e0 notre cause. <\/p>\n\n\n\n<figure class=\"wp-block-image size-large\"><img decoding=\"async\" loading=\"lazy\" width=\"1024\" height=\"697\" src=\"https:\/\/assoespoirs.org\/wp-content\/uploads\/2023\/10\/IMG_20230923_105345_506-1024x697.jpg\" alt=\"\" class=\"wp-image-1204\" srcset=\"https:\/\/assoespoirs.org\/wp-content\/uploads\/2023\/10\/IMG_20230923_105345_506-1024x697.jpg 1024w, https:\/\/assoespoirs.org\/wp-content\/uploads\/2023\/10\/IMG_20230923_105345_506-300x204.jpg 300w, https:\/\/assoespoirs.org\/wp-content\/uploads\/2023\/10\/IMG_20230923_105345_506-768x522.jpg 768w, https:\/\/assoespoirs.org\/wp-content\/uploads\/2023\/10\/IMG_20230923_105345_506-1536x1045.jpg 1536w, https:\/\/assoespoirs.org\/wp-content\/uploads\/2023\/10\/IMG_20230923_105345_506-2048x1393.jpg 2048w, https:\/\/assoespoirs.org\/wp-content\/uploads\/2023\/10\/IMG_20230923_105345_506-200x136.jpg 200w\" sizes=\"(max-width: 1024px) 100vw, 1024px\" \/><\/figure>\n\n\n\n<p>La F\u00eate de la Vie Associative est l&rsquo;occasion id\u00e9ale pour \u00e9tablir des liens avec d&rsquo;autres associations et les habitants de Nanterre. Nous avons eu le plaisir de discuter avec de nombreuses personnes partageant notre passion pour l&rsquo;action humanitaire. Ces rencontres nous ont inspir\u00e9s et renforc\u00e9s dans notre d\u00e9termination \u00e0 continuer notre mission.<\/p>\n\n\n\n<p>Notre participation \u00e0 cet \u00e9v\u00e9nement ne se limitait pas \u00e0 une simple pr\u00e9sence. Nous avons encourag\u00e9 les visiteurs \u00e0 s&rsquo;impliquer dans nos projets en tant que b\u00e9n\u00e9voles ou donateurs. Chacun peut contribuer \u00e0 sa mani\u00e8re, et chaque geste compte pour cr\u00e9er un impact positif dans notre communaut\u00e9.<\/p>\n\n\n\n<p>La F\u00eate de la Vie Associative de Nanterre a \u00e9t\u00e9 l&rsquo;occasion de rappeler que l&rsquo;engagement b\u00e9n\u00e9vole est essentiel pour le bien-\u00eatre de notre soci\u00e9t\u00e9. L&rsquo;Association Espoirs reste fi\u00e8re de sa contribution \u00e0 cet \u00e9v\u00e9nement et s&rsquo;engage \u00e0 continuer d&rsquo;\u0153uvrer pour un avenir meilleur pour tous. Notre d\u00e9termination \u00e0 apporter un changement positif reste in\u00e9branlable, et nous invitons tous ceux qui partagent notre vision \u00e0 se joindre \u00e0 nous dans cette belle aventure.<\/p>\n\n\n\n<p>Restez connect\u00e9s pour d\u00e9couvrir nos prochaines actions et opportunit\u00e9s d&rsquo;engagement au sein d&rsquo;ESPOIRS. Ensemble, nous pouvons faire la diff\u00e9rence.<\/p>\n","protected":false},"excerpt":{"rendered":"<p>D\u00e9couvrez comment l&rsquo;Association Espoirs a particip\u00e9 activement \u00e0 la F\u00eate de la Vie Associative de Nanterre, un \u00e9v\u00e9nement marquant qui met en lumi\u00e8re la diversit\u00e9 des actions b\u00e9n\u00e9voles et leur impact positif sur la ville.<\/p>\n","protected":false},"author":1,"featured_media":1201,"comment_status":"open","ping_status":"open","sticky":false,"template":"","format":"standard","meta":{"_kadence_starter_templates_imported_post":false,"_kad_post_transparent":"","_kad_post_title":"","_kad_post_layout":"","_kad_post_sidebar_id":"","_kad_post_content_style":"","_kad_post_vertical_padding":"","_kad_post_feature":"","_kad_post_feature_position":"","_kad_post_header":false,"_kad_post_footer":false},"categories":[18,19],"tags":[],"_links":{"self":[{"href":"https:\/\/assoespoirs.org\/index.php?rest_route=\/wp\/v2\/posts\/1198"}],"collection":[{"href":"https:\/\/assoespoirs.org\/index.php?rest_route=\/wp\/v2\/posts"}],"about":[{"href":"https:\/\/assoespoirs.org\/index.php?rest_route=\/wp\/v2\/types\/post"}],"author":[{"embeddable":true,"href":"https:\/\/assoespoirs.org\/index.php?rest_route=\/wp\/v2\/users\/1"}],"replies":[{"embeddable":true,"href":"https:\/\/assoespoirs.org\/index.php?rest_route=%2Fwp%2Fv2%2Fcomments&post=1198"}],"version-history":[{"count":4,"href":"https:\/\/assoespoirs.org\/index.php?rest_route=\/wp\/v2\/posts\/1198\/revisions"}],"predecessor-version":[{"id":1205,"href":"https:\/\/assoespoirs.org\/index.php?rest_route=\/wp\/v2\/posts\/1198\/revisions\/1205"}],"wp:featuredmedia":[{"embeddable":true,"href":"https:\/\/assoespoirs.org\/index.php?rest_route=\/wp\/v2\/media\/1201"}],"wp:attachment":[{"href":"https:\/\/assoespoirs.org\/index.php?rest_route=%2Fwp%2Fv2%2Fmedia&parent=1198"}],"wp:term":[{"taxonomy":"category","embeddable":true,"href":"https:\/\/assoespoirs.org\/index.php?rest_route=%2Fwp%2Fv2%2Fcategories&post=1198"},{"taxonomy":"post_tag","embeddable":true,"href":"https:\/\/assoespoirs.org\/index.php?rest_route=%2Fwp%2Fv2%2Ftags&post=1198"}],"curies":[{"name":"wp","href":"https:\/\/api.w.org\/{rel}","templated":true}]}}