{"id":1210,"date":"2025-12-02T10:52:31","date_gmt":"2025-12-02T09:52:31","guid":{"rendered":"https:\/\/assoespoirs.org\/?p=1210"},"modified":"2025-12-02T10:52:36","modified_gmt":"2025-12-02T09:52:36","slug":"institution-prescolaire-ousmane-ndour-retour-sur-un-chantier-solidaire","status":"publish","type":"post","link":"https:\/\/assoespoirs.org\/?p=1210","title":{"rendered":"Institution pr\u00e9scolaire Ousmane Ndour : Retour sur un chantier solidaire"},"content":{"rendered":"\n<p><\/p>\n\n\n\n<h2 class=\"wp-block-heading\">\ud83c\udfa5 <strong>Vid\u00e9o \u2013 D\u00e9couvrez le projet en images<\/strong><\/h2>\n\n\n\n<figure class=\"wp-block-video\"><video controls src=\"https:\/\/assoespoirs.org\/wp-content\/uploads\/2025\/12\/film-sebikotane.mp4\"><\/video><\/figure>\n\n\n\n<p><\/p>\n\n\n\n<h2 class=\"wp-block-heading\"><strong>Un projet men\u00e9 par ESPOIRS pour renforcer l\u2019acc\u00e8s \u00e0 l\u2019\u00e9ducation pr\u00e9scolaire<\/strong><\/h2>\n\n\n\n<p>L\u2019association <strong>ESPOIRS France\u2013S\u00e9n\u00e9gal<\/strong> a finalis\u00e9 un projet majeur \u00e0 S\u00e9bikotane pr\u00e8s de Dakar : la transformation compl\u00e8te de l\u2019<strong>Institution Pr\u00e9scolaire Ousmane Ndour<\/strong>, avec un objectif clair : <strong>permettre \u00e0 plus d\u2019enfants de moins de 6 ans d\u2019acc\u00e9der \u00e0 une scolarisation de qualit\u00e9<\/strong>.<\/p>\n\n\n\n<p>Cette \u00e9cole, situ\u00e9e dans une ville en pleine croissance d\u00e9mographique et \u00e9conomique, accueille d\u00e9sormais les enfants dans un cadre plus spacieux, s\u00e9curis\u00e9 et \u00e9quip\u00e9.<\/p>\n\n\n\n<p>Ce projet a \u00e9t\u00e9 rendu possible gr\u00e2ce au soutien de plusieurs partenaires institutionnels et fondations :<br><strong>Ville de Nanterre <\/strong>\u2022 <strong>CDC D\u00e9veloppement Solidaire \u2022 Talents &amp; Partage \u2022 Fondation Wavestone \u2022 Fondation Coallia St\u00e9phane Hessel<\/strong>.<\/p>\n\n\n\n<hr class=\"wp-block-separator has-alpha-channel-opacity\"\/>\n\n\n\n<h2 class=\"wp-block-heading\"><strong>Des r\u00e9alisations concr\u00e8tes et visibles d\u00e8s la premi\u00e8re rentr\u00e9e<\/strong><\/h2>\n\n\n\n<p>En un peu plus d\u2019un an, le projet a permis des avanc\u00e9es structurantes pour l\u2019\u00e9cole et la communaut\u00e9 locale :<\/p>\n\n\n\n<h3 class=\"wp-block-heading\">\ud83d\udca0 <strong>Infrastructure &amp; \u00e9quipements<\/strong><\/h3>\n\n\n\n<ul>\n<li><strong>170 m\u00b2 de nouveaux locaux construits<\/strong>, op\u00e9rationnels et enti\u00e8rement am\u00e9nag\u00e9s.<\/li>\n\n\n\n<li><strong>Nouvelles salles de classe \u00e9quip\u00e9es<\/strong> (mobilier, fournitures, mat\u00e9riel p\u00e9dagogique).<\/li>\n\n\n\n<li><strong>Une salle informatique de 20 postes<\/strong> install\u00e9e et connect\u00e9e au r\u00e9seau WiFi.<\/li>\n\n\n\n<li><strong>Cr\u00e9ation d\u2019une cuisine<\/strong> moderne pour la cantine.<\/li>\n<\/ul>\n\n\n\n<h3 class=\"wp-block-heading\">\ud83d\udca0 <strong>Services pour les enfants<\/strong><\/h3>\n\n\n\n<ul>\n<li>Ouverture d\u2019une <strong>cr\u00e8che (1 \u00e0 3 ans)<\/strong>.<\/li>\n\n\n\n<li>Lancement d\u2019une <strong>cantine<\/strong> quotidienne (+ <strong>centre a\u00e9r\u00e9<\/strong> l\u2019apr\u00e8s-midi).<\/li>\n\n\n\n<li>Mise en place d\u2019un <strong>ramassage scolaire<\/strong> avec minibus, permettant \u00e0 18 enfants d\u2019\u00eatre transport\u00e9s chaque jour.<\/li>\n\n\n\n<li>D\u00e9ploiement du <strong>parrainage de scolarisation<\/strong> : d\u00e9j\u00e0 <strong>9 enfants parrain\u00e9s<\/strong>.<\/li>\n<\/ul>\n\n\n\n<h3 class=\"wp-block-heading\">\ud83d\udca0 <strong>Un impact imm\u00e9diat<\/strong><\/h3>\n\n\n\n<p>R\u00e9sultat d\u00e8s la rentr\u00e9e 2025\u20132026 :<\/p>\n\n\n\n<ul>\n<li><strong>87 enfants inscrits<\/strong>, contre 54 l\u2019ann\u00e9e pr\u00e9c\u00e9dente.<\/li>\n\n\n\n<li>+60 % d\u2019augmentation de fr\u00e9quentation en un an.<\/li>\n\n\n\n<li>Tous les nouveaux services sont utilis\u00e9s d\u00e8s leur lancement.<\/li>\n<\/ul>\n\n\n\n<hr class=\"wp-block-separator has-alpha-channel-opacity\"\/>\n\n\n\n<h2 class=\"wp-block-heading\"><strong>Une approche structur\u00e9e : co-construction locale &amp; pilotage rigoureux<\/strong><\/h2>\n\n\n\n<p>Le projet a suivi une m\u00e9thodologie claire reposant sur :<\/p>\n\n\n\n<ul>\n<li><strong>Rigueur de la gestion financi\u00e8re<\/strong>, avec un suivi comptable d\u00e9taill\u00e9 depuis le d\u00e9but du projet.<\/li>\n\n\n\n<li><strong>Pilotage continu<\/strong> entre ESPOIRS (France) et la cheffe de projet locale, via r\u00e9unions, \u00e9changes WhatsApp et comit\u00e9s de pilotage.<\/li>\n\n\n\n<li><strong>Prise de d\u00e9cision 100 % locale<\/strong>, afin que l\u2019outil final appartienne r\u00e9ellement \u00e0 l\u2019\u00e9quipe p\u00e9dagogique et au comit\u00e9 de gestion.<\/li>\n<\/ul>\n\n\n\n<p><\/p>\n\n\n\n<hr class=\"wp-block-separator has-alpha-channel-opacity\"\/>\n\n\n\n<h2 class=\"wp-block-heading\"><strong>Un b\u00e9n\u00e9fice social au-del\u00e0 de l\u2019\u00e9cole<\/strong><\/h2>\n\n\n\n<p>Le projet a g\u00e9n\u00e9r\u00e9 :<\/p>\n\n\n\n<ul>\n<li><strong>7 emplois directs<\/strong> (enseignantes, assistantes, cuisini\u00e8re, chauffeur, ATSEM).<\/li>\n\n\n\n<li><strong>Un soutien au Centre de sant\u00e9 de S\u00e9bikotane<\/strong>, \u00e9quip\u00e9 de lits m\u00e9dicalis\u00e9s, fauteuils roulants et d\u00e9ambulateurs exp\u00e9di\u00e9s dans le m\u00eame container.<\/li>\n<\/ul>\n\n\n\n<p>L\u2019\u00e9cole devient ainsi un <strong>p\u00f4le \u00e9ducatif &amp; social<\/strong>, au service de toute la communaut\u00e9.<\/p>\n\n\n\n<hr class=\"wp-block-separator has-alpha-channel-opacity\"\/>\n\n\n\n<h2 class=\"wp-block-heading\"><strong>Et maintenant ? Des ambitions nouvelles pour l\u2019\u00e9cole<\/strong><\/h2>\n\n\n\n<p>Les prochains besoins identifi\u00e9s par l\u2019\u00e9quipe locale portent sur :<\/p>\n\n\n\n<ul>\n<li>La cr\u00e9ation d\u2019une <strong>cour ext\u00e9rieure ou d\u2019une terrasse am\u00e9nag\u00e9e pour les r\u00e9cr\u00e9ations<\/strong>.<\/li>\n\n\n\n<li>La poursuite de l\u2019<strong>am\u00e9nagement de nouvelles classes<\/strong>.<\/li>\n\n\n\n<li>L\u2019installation de <strong>lampadaires solaires<\/strong> et potentiellement de <strong>panneaux solaires<\/strong>.<\/li>\n\n\n\n<li>L\u2019extension du bloc administratif pour am\u00e9liorer l\u2019accueil des parents.<\/li>\n<\/ul>\n\n\n\n<p>ESPOIRS pr\u00e9voit d\u2019accompagner l\u2019\u00e9cole pendant encore deux ans, notamment via <\/p>\n\n\n\n<ul>\n<li>des dotations suppl\u00e9mentaires en mat\u00e9riel,<\/li>\n\n\n\n<li>des outils de gestion financi\u00e8re,<\/li>\n\n\n\n<li>la formation de l\u2019\u00e9quipe locale.<\/li>\n<\/ul>\n\n\n\n<hr class=\"wp-block-separator has-alpha-channel-opacity\"\/>\n\n\n\n<h2 class=\"wp-block-heading\"><strong>Un projet qui illustre la mission d\u2019ESPOIRS<\/strong><\/h2>\n\n\n\n<blockquote class=\"wp-block-quote\">\n<p>\u201cSi certains doutaient encore de notre impact, qu\u2019ils regardent cette \u00e9cole.\u201d<\/p>\n<\/blockquote>\n\n\n\n<p>Le projet de S\u00e9bikotane mat\u00e9rialise l\u2019ADN d\u2019ESPOIRS :<br><strong>agir concr\u00e8tement, accompagner durablement et placer l\u2019enfant au centre de tout.<\/strong><\/p>\n\n\n\n<p>Gr\u00e2ce \u00e0 la mobilisation de nos membres, b\u00e9n\u00e9voles, partenaires et donateurs, nous avons contribu\u00e9 \u00e0 offrir \u00e0 ces enfants un cadre d\u2019apprentissage digne, s\u00e9curis\u00e9 et stimulant.<\/p>\n","protected":false},"excerpt":{"rendered":"<p>\u00c0 S\u00e9bikotane, ESPOIRS am\u00e9liore l\u2019acc\u00e8s \u00e0 l\u2019\u00e9ducation : nouveaux locaux, cantine, cr\u00e8che, minibus scolaire et parrainages au service des jeunes enfants.<\/p>\n","protected":false},"author":1,"featured_media":0,"comment_status":"open","ping_status":"open","sticky":false,"template":"","format":"standard","meta":{"_kadence_starter_templates_imported_post":false,"_kad_post_transparent":"","_kad_post_title":"","_kad_post_layout":"","_kad_post_sidebar_id":"","_kad_post_content_style":"","_kad_post_vertical_padding":"","_kad_post_feature":"","_kad_post_feature_position":"","_kad_post_header":false,"_kad_post_footer":false},"categories":[16],"tags":[],"_links":{"self":[{"href":"https:\/\/assoespoirs.org\/index.php?rest_route=\/wp\/v2\/posts\/1210"}],"collection":[{"href":"https:\/\/assoespoirs.org\/index.php?rest_route=\/wp\/v2\/posts"}],"about":[{"href":"https:\/\/assoespoirs.org\/index.php?rest_route=\/wp\/v2\/types\/post"}],"author":[{"embeddable":true,"href":"https:\/\/assoespoirs.org\/index.php?rest_route=\/wp\/v2\/users\/1"}],"replies":[{"embeddable":true,"href":"https:\/\/assoespoirs.org\/index.php?rest_route=%2Fwp%2Fv2%2Fcomments&post=1210"}],"version-history":[{"count":1,"href":"https:\/\/assoespoirs.org\/index.php?rest_route=\/wp\/v2\/posts\/1210\/revisions"}],"predecessor-version":[{"id":1212,"href":"https:\/\/assoespoirs.org\/index.php?rest_route=\/wp\/v2\/posts\/1210\/revisions\/1212"}],"wp:attachment":[{"href":"https:\/\/assoespoirs.org\/index.php?rest_route=%2Fwp%2Fv2%2Fmedia&parent=1210"}],"wp:term":[{"taxonomy":"category","embeddable":true,"href":"https:\/\/assoespoirs.org\/index.php?rest_route=%2Fwp%2Fv2%2Fcategories&post=1210"},{"taxonomy":"post_tag","embeddable":true,"href":"https:\/\/assoespoirs.org\/index.php?rest_route=%2Fwp%2Fv2%2Ftags&post=1210"}],"curies":[{"name":"wp","href":"https:\/\/api.w.org\/{rel}","templated":true}]}}