{"id":208,"date":"2021-03-07T18:23:00","date_gmt":"2021-03-07T17:23:00","guid":{"rendered":"https:\/\/kits.themecy.com\/lifewater\/?p=208"},"modified":"2023-04-09T15:48:15","modified_gmt":"2023-04-09T13:48:15","slug":"les-petits-anges-verts","status":"publish","type":"post","link":"https:\/\/assoespoirs.org\/?p=208","title":{"rendered":"L&rsquo;\u00e9cole maternelle \u00ab Les Petits Anges Verts \u00bb au S\u00e9n\u00e9gal : une r\u00e9ponse \u00e0 la probl\u00e9matique de la scolarisation des enfants de moins de 6 ans"},"content":{"rendered":"\n<figure class=\"wp-block-image size-full\"><img decoding=\"async\" loading=\"lazy\" width=\"960\" height=\"881\" src=\"http:\/\/assoespoirs.org\/wp-content\/uploads\/2010\/07\/LOGO-LPAV.jpg\" alt=\"\" class=\"wp-image-1103\" srcset=\"https:\/\/assoespoirs.org\/wp-content\/uploads\/2010\/07\/LOGO-LPAV.jpg 960w, https:\/\/assoespoirs.org\/wp-content\/uploads\/2010\/07\/LOGO-LPAV-300x275.jpg 300w, https:\/\/assoespoirs.org\/wp-content\/uploads\/2010\/07\/LOGO-LPAV-768x705.jpg 768w, https:\/\/assoespoirs.org\/wp-content\/uploads\/2010\/07\/LOGO-LPAV-200x184.jpg 200w\" sizes=\"(max-width: 960px) 100vw, 960px\" \/><\/figure>\n\n\n\n<h2 class=\"wp-block-heading\">L&rsquo;\u00e9cole priv\u00e9e qui sensibilise les enfants \u00e0 la protection de l&rsquo;environnement <\/h2>\n\n\n\n<p>L&rsquo;\u00e9cole maternelle \u00ab Les Petits Anges Verts \u00bb a \u00e9t\u00e9 cr\u00e9\u00e9e en 2020 par l&rsquo;association S\u00e9n\u00e9galaise \u00ab\u00a0Les Petits Anges Verts\u00a0\u00bb et Espoirs afin de r\u00e9pondre \u00e0 la probl\u00e9matique de la scolarisation des enfants de moins de 6 ans au S\u00e9n\u00e9gal. L&rsquo;\u00e9cole priv\u00e9e a accueilli 60 enfants dans ses deux classes pour la rentr\u00e9e de la m\u00eame ann\u00e9e et suit le programme p\u00e9dagogique du Minist\u00e8re de l&rsquo;\u00c9ducation Nationale s\u00e9n\u00e9galais, tout en sensibilisant les enfants \u00e0 la protection de l&rsquo;environnement et en utilisant des outils informatiques pour d\u00e9velopper leur esprit d&rsquo;analyse et de critique. <\/p>\n\n\n\n<h2 class=\"wp-block-heading\">Des actions de parrainage pour permettre aux enfants issus de familles d\u00e9favoris\u00e9es d&rsquo;avoir acc\u00e8s \u00e0 l&rsquo;\u00e9ducation<\/h2>\n\n\n\n<p>Les frais de scolarit\u00e9 et les activit\u00e9s annexes sont payants, mais des actions ont \u00e9t\u00e9 mises en place pour permettre \u00e0 des enfants issus de familles d\u00e9favoris\u00e9es d&rsquo;avoir acc\u00e8s \u00e0 l&rsquo;\u00e9ducation, comme le programme de parrainage de scolarit\u00e9, qui a permis \u00e0 29 enfants de b\u00e9n\u00e9ficier de la scolarisation d\u00e8s la premi\u00e8re ann\u00e9e de l&rsquo;\u00e9cole.<\/p>\n\n\n<style>.kb-row-layout-id_384fa2-7c > .kt-row-column-wrap{align-content:start;}:where(.kb-row-layout-id_384fa2-7c > .kt-row-column-wrap) > .wp-block-kadence-column{justify-content:start;}.kb-row-layout-id_384fa2-7c > .kt-row-column-wrap{column-gap:var(--global-kb-gap-md, 2rem);row-gap:var(--global-kb-gap-md, 2rem);padding-top:var(--global-kb-spacing-sm, 1.5rem);padding-bottom:var(--global-kb-spacing-sm, 1.5rem);grid-template-columns:repeat(2, minmax(0, 1fr));}.kb-row-layout-id_384fa2-7c > .kt-row-layout-overlay{opacity:0.30;}@media all and (max-width: 1024px){.kb-row-layout-id_384fa2-7c > .kt-row-column-wrap{grid-template-columns:repeat(2, minmax(0, 1fr));}}@media all and (max-width: 767px){.kb-row-layout-id_384fa2-7c > .kt-row-column-wrap{grid-template-columns:minmax(0, 1fr);}}<\/style><div class=\"kb-row-layout-wrap kb-row-layout-id_384fa2-7c alignnone wp-block-kadence-rowlayout\"><div class=\"kt-row-column-wrap kt-has-2-columns kt-row-layout-equal kt-tab-layout-inherit kt-mobile-layout-row kt-row-valign-top\">\n<style>.kadence-column_83c58b-b0 > .kt-inside-inner-col,.kadence-column_83c58b-b0 > .kt-inside-inner-col:before{border-top-left-radius:0px;border-top-right-radius:0px;border-bottom-right-radius:0px;border-bottom-left-radius:0px;}.kadence-column_83c58b-b0 > .kt-inside-inner-col{column-gap:var(--global-kb-gap-sm, 1rem);}.kadence-column_83c58b-b0 > .kt-inside-inner-col{flex-direction:column;}.kadence-column_83c58b-b0 > .kt-inside-inner-col > .aligncenter{width:100%;}.kadence-column_83c58b-b0 > .kt-inside-inner-col:before{opacity:0.3;}.kadence-column_83c58b-b0{position:relative;}@media all and (max-width: 1024px){.kadence-column_83c58b-b0 > .kt-inside-inner-col{flex-direction:column;}}@media all and (max-width: 767px){.kadence-column_83c58b-b0 > .kt-inside-inner-col{flex-direction:column;}}<\/style>\n<div class=\"wp-block-kadence-column kadence-column_83c58b-b0\"><div class=\"kt-inside-inner-col\">\n<figure class=\"wp-block-image size-large is-resized\"><img decoding=\"async\" loading=\"lazy\" src=\"http:\/\/assoespoirs.org\/wp-content\/uploads\/2010\/07\/4-Cour-interieure-et-couloir-RDC-2-1024x484.jpg\" alt=\"\" class=\"wp-image-1104\" width=\"371\" height=\"175\" srcset=\"https:\/\/assoespoirs.org\/wp-content\/uploads\/2010\/07\/4-Cour-interieure-et-couloir-RDC-2-1024x484.jpg 1024w, https:\/\/assoespoirs.org\/wp-content\/uploads\/2010\/07\/4-Cour-interieure-et-couloir-RDC-2-300x142.jpg 300w, https:\/\/assoespoirs.org\/wp-content\/uploads\/2010\/07\/4-Cour-interieure-et-couloir-RDC-2-768x363.jpg 768w, https:\/\/assoespoirs.org\/wp-content\/uploads\/2010\/07\/4-Cour-interieure-et-couloir-RDC-2-200x95.jpg 200w, https:\/\/assoespoirs.org\/wp-content\/uploads\/2010\/07\/4-Cour-interieure-et-couloir-RDC-2.jpg 1040w\" sizes=\"(max-width: 371px) 100vw, 371px\" \/><\/figure>\n<\/div><\/div>\n\n\n<style>.kadence-column_9449ee-eb > .kt-inside-inner-col,.kadence-column_9449ee-eb > .kt-inside-inner-col:before{border-top-left-radius:0px;border-top-right-radius:0px;border-bottom-right-radius:0px;border-bottom-left-radius:0px;}.kadence-column_9449ee-eb > .kt-inside-inner-col{column-gap:var(--global-kb-gap-sm, 1rem);}.kadence-column_9449ee-eb > .kt-inside-inner-col{flex-direction:column;}.kadence-column_9449ee-eb > .kt-inside-inner-col > .aligncenter{width:100%;}.kadence-column_9449ee-eb > .kt-inside-inner-col:before{opacity:0.3;}.kadence-column_9449ee-eb{position:relative;}@media all and (max-width: 1024px){.kadence-column_9449ee-eb > .kt-inside-inner-col{flex-direction:column;}}@media all and (max-width: 767px){.kadence-column_9449ee-eb > .kt-inside-inner-col{flex-direction:column;}}<\/style>\n<div class=\"wp-block-kadence-column kadence-column_9449ee-eb\"><div class=\"kt-inside-inner-col\">\n<figure class=\"wp-block-image size-full\"><img decoding=\"async\" loading=\"lazy\" width=\"1008\" height=\"756\" src=\"http:\/\/assoespoirs.org\/wp-content\/uploads\/2010\/07\/3-Cour-interieure-et-couloir-RDC-1.jpg\" alt=\"\" class=\"wp-image-1102\" srcset=\"https:\/\/assoespoirs.org\/wp-content\/uploads\/2010\/07\/3-Cour-interieure-et-couloir-RDC-1.jpg 1008w, https:\/\/assoespoirs.org\/wp-content\/uploads\/2010\/07\/3-Cour-interieure-et-couloir-RDC-1-300x225.jpg 300w, https:\/\/assoespoirs.org\/wp-content\/uploads\/2010\/07\/3-Cour-interieure-et-couloir-RDC-1-768x576.jpg 768w, https:\/\/assoespoirs.org\/wp-content\/uploads\/2010\/07\/3-Cour-interieure-et-couloir-RDC-1-200x150.jpg 200w\" sizes=\"(max-width: 1008px) 100vw, 1008px\" \/><\/figure>\n<\/div><\/div>\n\n<\/div><\/div>\n\n\n<h2 class=\"wp-block-heading\">Les d\u00e9fis de l&rsquo;\u00e9cole maternelle \u00ab Les Petits Anges Verts \u00bb pour assurer sa p\u00e9rennit\u00e9 et favoriser la scolarisation des enfants de la r\u00e9gion<\/h2>\n\n\n\n<figure class=\"wp-block-image size-full\"><img decoding=\"async\" loading=\"lazy\" width=\"1024\" height=\"768\" src=\"https:\/\/assoespoirs.org\/wp-content\/uploads\/2023\/04\/Equipe-complete-20-11-12.jpg\" alt=\"\" class=\"wp-image-1106\" srcset=\"https:\/\/assoespoirs.org\/wp-content\/uploads\/2023\/04\/Equipe-complete-20-11-12.jpg 1024w, https:\/\/assoespoirs.org\/wp-content\/uploads\/2023\/04\/Equipe-complete-20-11-12-300x225.jpg 300w, https:\/\/assoespoirs.org\/wp-content\/uploads\/2023\/04\/Equipe-complete-20-11-12-768x576.jpg 768w, https:\/\/assoespoirs.org\/wp-content\/uploads\/2023\/04\/Equipe-complete-20-11-12-200x150.jpg 200w\" sizes=\"(max-width: 1024px) 100vw, 1024px\" \/><\/figure>\n\n\n\n<p>L&rsquo;\u00e9quipe dirigeante de l&rsquo;\u00e9cole et les associations impliqu\u00e9es dans la cr\u00e9ation de l&rsquo;\u00e9cole travaillent activement \u00e0 permettre \u00e0 un maximum d&rsquo;enfants, notamment les plus d\u00e9favoris\u00e9s, d&rsquo;avoir acc\u00e8s \u00e0 la scolarisation. Des programmes de parrainage ont \u00e9t\u00e9 mis en place et ont connu un franc succ\u00e8s, mais l&rsquo;\u00e9cole rencontre des difficult\u00e9s pour couvrir les charges de fonctionnement, y compris les salaires des employ\u00e9s. Il est donc primordial de continuer \u00e0 trouver des financements pour assurer la p\u00e9rennit\u00e9 de cette \u00e9cole maternelle priv\u00e9e et favoriser la scolarisation des enfants de la r\u00e9gion.<\/p>\n\n\n\n<p>Actuellement, 90 enfants sont scolaris\u00e9s dans l&rsquo;\u00e9cole, dont 3 accueillis gratuitement et 57 qui sont parrain\u00e9s. Environ 70 d&rsquo;entre eux fr\u00e9quentent \u00e9galement la cantine et le centre a\u00e9r\u00e9 l&rsquo;apr\u00e8s-midi. Neuf emplois ont \u00e9t\u00e9 cr\u00e9\u00e9s dans le cadre du projet, et la progression initialement pr\u00e9vue semble r\u00e9alisable, avec l&rsquo;ouverture d&rsquo;une quatri\u00e8me classe pour la prochaine rentr\u00e9e.<\/p>\n\n\n\n<figure class=\"wp-block-image size-full\"><img decoding=\"async\" loading=\"lazy\" width=\"1000\" height=\"563\" src=\"https:\/\/assoespoirs.org\/wp-content\/uploads\/2023\/04\/2-Service-cantine-occidental.jpg\" alt=\"\" class=\"wp-image-1105\" srcset=\"https:\/\/assoespoirs.org\/wp-content\/uploads\/2023\/04\/2-Service-cantine-occidental.jpg 1000w, https:\/\/assoespoirs.org\/wp-content\/uploads\/2023\/04\/2-Service-cantine-occidental-300x169.jpg 300w, https:\/\/assoespoirs.org\/wp-content\/uploads\/2023\/04\/2-Service-cantine-occidental-768x432.jpg 768w, https:\/\/assoespoirs.org\/wp-content\/uploads\/2023\/04\/2-Service-cantine-occidental-200x113.jpg 200w\" sizes=\"(max-width: 1000px) 100vw, 1000px\" \/><\/figure>\n\n\n\n<h2 class=\"wp-block-heading\">Les projets en cours pour am\u00e9liorer les conditions d&rsquo;accueil des enfants et l&rsquo;autonomie de l&rsquo;\u00e9cole<\/h2>\n\n\n\n<p>La fr\u00e9quentation de la cantine est importante, avec pr\u00e8s de 80% des \u00e9l\u00e8ves qui y prennent leur repas. Pour pouvoir accueillir les enfants dans de bonnes conditions, en tenant compte de l&rsquo;augmentation pr\u00e9vue du nombre d&rsquo;\u00e9l\u00e8ves, la cr\u00e9ation d&rsquo;un r\u00e9fectoire\/dortoir est en cours de r\u00e9alisation sur la terrasse de l&rsquo;\u00e9cole, au-dessus du premier \u00e9tage. De plus, une installation de r\u00e9serves d&rsquo;eau sur la terrasse, aliment\u00e9es par un syst\u00e8me de pompage \u00e0 partir d&rsquo;un r\u00e9servoir enterr\u00e9 au sol, est en cours de r\u00e9alisation pour pallier aux insuffisances du r\u00e9seau communal.<\/p>\n\n\n\n<h2 class=\"wp-block-heading\">Le r\u00f4le d&rsquo;Espoirs dans la cr\u00e9ation et la surveillance de l&rsquo;\u00e9cole maternelle \u00ab Les Petits Anges Verts \u00bb<\/h2>\n\n\n\n<p>Bien que l&rsquo;\u00e9cole soit d\u00e9sormais th\u00e9oriquement autonome, Espoirs intervient volontairement de moins en moins dans les prises de d\u00e9cisions. Cependant, conform\u00e9ment aux accords, un processus de surveillance et de conseils reste en place, notamment pour la formation progressive de l&rsquo;\u00e9quipe dirigeante sur le management d&rsquo;une entreprise et en particulier sur la gestion financi\u00e8re pr\u00e9visionnelle.<\/p>\n","protected":false},"excerpt":{"rendered":"<p>D\u00e9couvrez l&rsquo;\u00e9cole maternelle \u00ab Les Petits Anges Verts \u00bb cr\u00e9\u00e9e en 2020 par l&rsquo;association \u00ab\u00a0Les Petits Anges Verts\u00a0\u00bb et Espoirs pour r\u00e9pondre \u00e0 la probl\u00e9matique de la scolarisation des enfants de moins de 6 ans au S\u00e9n\u00e9gal. Cette \u00e9cole priv\u00e9e suit le programme p\u00e9dagogique du Minist\u00e8re de l&rsquo;\u00c9ducation Nationale tout en sensibilisant les enfants \u00e0 la protection de l&rsquo;environnement et en utilisant des outils informatiques pour d\u00e9velopper leur esprit d&rsquo;analyse et de critique. D\u00e9couvrez les actions mises en place pour permettre \u00e0 des enfants issus de familles d\u00e9favoris\u00e9es d&rsquo;avoir acc\u00e8s \u00e0 l&rsquo;\u00e9ducation et comment vous pouvez contribuer \u00e0 soutenir cette initiative.<\/p>\n","protected":false},"author":1,"featured_media":1100,"comment_status":"open","ping_status":"open","sticky":false,"template":"","format":"standard","meta":{"_kadence_starter_templates_imported_post":true,"_kad_post_transparent":"","_kad_post_title":"","_kad_post_layout":"","_kad_post_sidebar_id":"","_kad_post_content_style":"","_kad_post_vertical_padding":"","_kad_post_feature":"","_kad_post_feature_position":"","_kad_post_header":false,"_kad_post_footer":false},"categories":[16],"tags":[],"_links":{"self":[{"href":"https:\/\/assoespoirs.org\/index.php?rest_route=\/wp\/v2\/posts\/208"}],"collection":[{"href":"https:\/\/assoespoirs.org\/index.php?rest_route=\/wp\/v2\/posts"}],"about":[{"href":"https:\/\/assoespoirs.org\/index.php?rest_route=\/wp\/v2\/types\/post"}],"author":[{"embeddable":true,"href":"https:\/\/assoespoirs.org\/index.php?rest_route=\/wp\/v2\/users\/1"}],"replies":[{"embeddable":true,"href":"https:\/\/assoespoirs.org\/index.php?rest_route=%2Fwp%2Fv2%2Fcomments&post=208"}],"version-history":[{"count":4,"href":"https:\/\/assoespoirs.org\/index.php?rest_route=\/wp\/v2\/posts\/208\/revisions"}],"predecessor-version":[{"id":1109,"href":"https:\/\/assoespoirs.org\/index.php?rest_route=\/wp\/v2\/posts\/208\/revisions\/1109"}],"wp:featuredmedia":[{"embeddable":true,"href":"https:\/\/assoespoirs.org\/index.php?rest_route=\/wp\/v2\/media\/1100"}],"wp:attachment":[{"href":"https:\/\/assoespoirs.org\/index.php?rest_route=%2Fwp%2Fv2%2Fmedia&parent=208"}],"wp:term":[{"taxonomy":"category","embeddable":true,"href":"https:\/\/assoespoirs.org\/index.php?rest_route=%2Fwp%2Fv2%2Fcategories&post=208"},{"taxonomy":"post_tag","embeddable":true,"href":"https:\/\/assoespoirs.org\/index.php?rest_route=%2Fwp%2Fv2%2Ftags&post=208"}],"curies":[{"name":"wp","href":"https:\/\/api.w.org\/{rel}","templated":true}]}}